{"id":5174,"date":"2023-11-30T12:04:50","date_gmt":"2023-11-30T11:04:50","guid":{"rendered":"http:\/\/hmgs.de\/?p=5174"},"modified":"2023-11-30T12:04:50","modified_gmt":"2023-11-30T11:04:50","slug":"die-hans-memling-grundschule-auf-einer-fantastischen-reise","status":"publish","type":"post","link":"http:\/\/hmgs.de\/?p=5174","title":{"rendered":"Die Hans-Memling-Grundschule auf einer fantastischen Reise"},"content":{"rendered":"<p>Andrea Klein pr\u00e4sentiert ihr Kinderbuch Fridolin<\/p>\n<p>Die diesj\u00e4hrige Projektwoche stand in unserer Schule ganz im Zeichen der Gesundheit und Nachhaltigkeit.<\/p>\n<p>Thematisch wollten wir in allen Klassen einen gemeinsamen Schwerpunkt setzen und altersgem\u00e4\u00df in allen Jahrgangsstufen Ideen umsetzen.<\/p>\n<p>Im Laufe der Woche \u00fcbten sich die Sch\u00fcler*innen als \u201eGl\u00fccksmomentensammler\u201c. Dazu wurden in den Klassen fr\u00f6hliche Gl\u00fccksgl\u00e4ser gestaltet und eifrig mit sch\u00f6nen Momenten in geschriebener oder symbolischer Form gef\u00fcllt. Die Kinder \u00fcberlegten f\u00fcr sich pers\u00f6nlich: Was tut mir eigentlich gut? Was macht mich wirklich gl\u00fccklich? Wie und wann f\u00fchle ich mich eigentlich in der Gemeinschaft wohl? Dabei sollte auch nicht zu kurz kommen, was den M\u00e4dchen und Jungen an ihren Klassenkamerad*innen besonders gef\u00e4llt! Diese sogenannte \u201eWarme Dusche\u201c aus Lob und angenehmen Gedanken durfte dann jedes Kind genie\u00dfen.<\/p>\n<p>Das diesj\u00e4hrige Motto \u201eTeilhaben\u201c lenkte den Blick vom eigenen Wohlbefinden auf das so wichtige soziale Miteinander &#8211;\u00a0 \u00fcber unsere Schulgemeinschaft hinaus! Es r\u00fcckte die gesellschaftliche Teilhabe derjenigen in den Mittelpunkt, die am Rande stehen, gesundheitliche Beeintr\u00e4chtigungen haben und uns und unsere Unterst\u00fctzung brauchen.<\/p>\n<p>So wollten wir unsere Sch\u00fcler*innen motivieren, sich auf kindgem\u00e4\u00dfe Weise einem so gro\u00dfen gesellschaftlichen Thema zu n\u00e4hern. An unsere Schule eingeladen war die Erlenbacher Autorin Andrea Klein, die ihr Kinderbuch \u201eFridolin \u2013 Der sch\u00f6ne gro\u00dfe Fisch\u201c vorstellte. Wir lie\u00dfen uns mit ihr auf die Reise nehmen zu einer sch\u00f6nen Insel im weiten blauen Meer. \u201eUnd die Insel hei\u00dft Nilodirf \u2026\u201c, so h\u00f6rte man das Lied immer wieder in allen Klassen. Die Kinder kamen zun\u00e4chst in den Genuss einer eindrucksvollen Autorenlesung. Dar\u00fcber hinaus zeigte Frau Klein auch ihre selbstgemalten Bilder aus dem Buch im Original, was die Kinder sehr beeindruckte. Schlie\u00dflich durften die Jungen und M\u00e4dchen auch den k\u00fcnstlerischen Aspekt des Buches in einer Gestaltungsstunde mit der K\u00fcnstlerin nachvollziehen. Selbst die Kleinsten konnten ihre eigenen individuellen Fische kreativ und wirkungsvoll in der Aula pr\u00e4sentieren. Vor allem unseren Gr\u00f6\u00dferen interessierte die<\/p>\n<p>Entstehung des Buches: von der ersten Idee im Kopf bis zur konkreten Umsetzung \u2013 eine sehr pers\u00f6nliche Geschichte, wie wir erfahren durften.<\/p>\n<p>Dass eine gute Gemeinschaft von der Achtsamkeit f\u00fcr ANDERE lebt, ist zwar selbstverst\u00e4ndlich, bedarf aber auch ganz bewusst spielerischer \u00dcbungen der Kooperation.\u00a0 Diese f\u00fchrten wir in allen Klassen in unterschiedlicher Weise durch. So wurde in den einzelnen Klassen im Morgenkreis \u00fcberlegt, was es braucht, um ein gutes Bauchgef\u00fchl zu haben. Eingebunden wurde die Thematik in den gr\u00f6\u00dferen Zusammenhang der Bedeutung eines guten Klassenklimas f\u00fcr unser Wohlbefinden in der Schule. Ganz sicher werden die Inhalte, Eindr\u00fccke und Erlebnisse auch \u00fcber die Projektwoche hinaus nachwirken und Elemente in den Unterrichtsalltag integriert werden.<\/p>\n<p>Da wir als Schule nicht nur achtsam f\u00fcr uns selbst, sondern auch f\u00fcr andere sein wollen, fand der \u00fcbliche Pausenverkauf in dieser Projektwoche zugunsten des Elternvereins INTENSIVkinder zuhause e. V. statt, der Kinder mit schweren gesundheitlichen Einschr\u00e4nkungen unterst\u00fctzt. Die Kelterei Hornung stiftete den Apfelsaft. Mit diesem leckeren Fr\u00fchst\u00fccksangebot konnten wir insgesamt 110 \u20ac f\u00fcr unseren Zweck einnehmen.<\/p>\n<p>Auch spendeten die M\u00f6mlinger Eltern eifrig und bestellten motiviert das Buch vom sch\u00f6nen gro\u00dfen Fisch Fridolin f\u00fcr 20 \u20ac. Davon ging der Reinerl\u00f6s von 10 \u20ac direkt an den Verein.<\/p>\n<p>Auch f\u00fcr unsere 10 Klassen konnten wir f\u00fcr die Klassenb\u00fccherei ein Fridolinbuch anschaffen, da unser B\u00fcrgermeister S. Scholtka spontan die Kosten\u00fcbernahme durch die Gemeinde zusagte.<\/p>\n<p>Dar\u00fcber hinaus freuten wir uns \u00fcber die finanzielle Unterst\u00fctzung unserer Projektidee von der Sparkasse, vertreten durch Herrn Berres.<\/p>\n<p>Immer wieder konnte man in dieser Woche sp\u00fcren, dass der Funke \u00fcbergesprungen ist, die Begeisterung der Sch\u00fcler*innen war f\u00f6rmlich zu sp\u00fcren. Zum Ausklang trafen sich alle Kinder nochmals in der mittlerweile mit eigenen Arbeiten passend zum \u201eFridolin\u201c-Buch geschm\u00fcckten Aula, wo mit unserem Ohrwurm \u201eNilodirf\u201c (r\u00fcckw\u00e4rts: Fridolin) eine gelungene Projektwoche zu Ende ging.<\/p>\n<p>N. Filtzinger und S. Gerhard<\/p>\n<p><img loading=\"lazy\" decoding=\"async\" class=\"alignnone size-medium wp-image-5175\" src=\"http:\/\/hmgs.de\/wp-content\/uploads\/2023\/11\/Zeitungsfoto-300x225.jpg\" alt=\"\" width=\"300\" height=\"225\" srcset=\"http:\/\/hmgs.de\/wp-content\/uploads\/2023\/11\/Zeitungsfoto-300x225.jpg 300w, http:\/\/hmgs.de\/wp-content\/uploads\/2023\/11\/Zeitungsfoto-1024x768.jpg 1024w, http:\/\/hmgs.de\/wp-content\/uploads\/2023\/11\/Zeitungsfoto-150x113.jpg 150w, http:\/\/hmgs.de\/wp-content\/uploads\/2023\/11\/Zeitungsfoto-768x576.jpg 768w, http:\/\/hmgs.de\/wp-content\/uploads\/2023\/11\/Zeitungsfoto-1536x1152.jpg 1536w, http:\/\/hmgs.de\/wp-content\/uploads\/2023\/11\/Zeitungsfoto-2048x1536.jpg 2048w\" sizes=\"(max-width: 300px) 100vw, 300px\" \/><img loading=\"lazy\" decoding=\"async\" class=\"alignnone size-medium wp-image-5177\" src=\"http:\/\/hmgs.de\/wp-content\/uploads\/2023\/11\/Homepage-1-300x225.jpg\" alt=\"\" width=\"300\" height=\"225\" srcset=\"http:\/\/hmgs.de\/wp-content\/uploads\/2023\/11\/Homepage-1-300x225.jpg 300w, http:\/\/hmgs.de\/wp-content\/uploads\/2023\/11\/Homepage-1-1024x768.jpg 1024w, http:\/\/hmgs.de\/wp-content\/uploads\/2023\/11\/Homepage-1-150x113.jpg 150w, http:\/\/hmgs.de\/wp-content\/uploads\/2023\/11\/Homepage-1-768x576.jpg 768w, http:\/\/hmgs.de\/wp-content\/uploads\/2023\/11\/Homepage-1-1536x1152.jpg 1536w, http:\/\/hmgs.de\/wp-content\/uploads\/2023\/11\/Homepage-1-2048x1536.jpg 2048w\" sizes=\"(max-width: 300px) 100vw, 300px\" \/><\/p>\n<p><img loading=\"lazy\" decoding=\"async\" class=\"alignnone size-medium wp-image-5178\" src=\"http:\/\/hmgs.de\/wp-content\/uploads\/2023\/11\/Homepage-2-300x225.jpg\" alt=\"\" width=\"300\" height=\"225\" srcset=\"http:\/\/hmgs.de\/wp-content\/uploads\/2023\/11\/Homepage-2-300x225.jpg 300w, http:\/\/hmgs.de\/wp-content\/uploads\/2023\/11\/Homepage-2-1024x768.jpg 1024w, http:\/\/hmgs.de\/wp-content\/uploads\/2023\/11\/Homepage-2-150x113.jpg 150w, http:\/\/hmgs.de\/wp-content\/uploads\/2023\/11\/Homepage-2-768x576.jpg 768w, http:\/\/hmgs.de\/wp-content\/uploads\/2023\/11\/Homepage-2-1536x1152.jpg 1536w, http:\/\/hmgs.de\/wp-content\/uploads\/2023\/11\/Homepage-2-2048x1536.jpg 2048w\" sizes=\"(max-width: 300px) 100vw, 300px\" \/><img loading=\"lazy\" decoding=\"async\" class=\"alignnone size-medium wp-image-5179\" src=\"http:\/\/hmgs.de\/wp-content\/uploads\/2023\/11\/Homepage-3-300x225.jpg\" alt=\"\" width=\"300\" height=\"225\" srcset=\"http:\/\/hmgs.de\/wp-content\/uploads\/2023\/11\/Homepage-3-300x225.jpg 300w, http:\/\/hmgs.de\/wp-content\/uploads\/2023\/11\/Homepage-3-1024x768.jpg 1024w, http:\/\/hmgs.de\/wp-content\/uploads\/2023\/11\/Homepage-3-150x113.jpg 150w, http:\/\/hmgs.de\/wp-content\/uploads\/2023\/11\/Homepage-3-768x576.jpg 768w, http:\/\/hmgs.de\/wp-content\/uploads\/2023\/11\/Homepage-3-1536x1152.jpg 1536w, http:\/\/hmgs.de\/wp-content\/uploads\/2023\/11\/Homepage-3-2048x1536.jpg 2048w\" sizes=\"(max-width: 300px) 100vw, 300px\" \/><\/p>\n<p>&nbsp;<\/p>\n","protected":false},"excerpt":{"rendered":"<p>Andrea Klein pr\u00e4sentiert ihr Kinderbuch Fridolin Die diesj\u00e4hrige Projektwoche stand in unserer Schule ganz im Zeichen der Gesundheit und Nachhaltigkeit. Thematisch wollten wir in allen Klassen einen gemeinsamen Schwerpunkt setzen und altersgem\u00e4\u00df in allen Jahrgangsstufen Ideen umsetzen. Im Laufe der Woche \u00fcbten sich die Sch\u00fcler*innen als \u201eGl\u00fccksmomentensammler\u201c. Dazu wurden in den Klassen fr\u00f6hliche Gl\u00fccksgl\u00e4ser gestaltet und eifrig mit sch\u00f6nen Momenten in geschriebener oder symbolischer Form gef\u00fcllt. Die Kinder \u00fcberlegten f\u00fcr sich pers\u00f6nlich: Was tut mir eigentlich gut? Was macht mich&#8230;<\/p>\n<p class=\"read-more\"><a class=\"btn btn-default\" href=\"http:\/\/hmgs.de\/?p=5174\">Weiterlesen<span class=\"screen-reader-text\"> Weiterlesen<\/span><\/a><\/p>\n","protected":false},"author":8,"featured_media":0,"comment_status":"closed","ping_status":"closed","sticky":false,"template":"","format":"standard","meta":{"footnotes":""},"categories":[1],"tags":[],"_links":{"self":[{"href":"http:\/\/hmgs.de\/index.php?rest_route=\/wp\/v2\/posts\/5174"}],"collection":[{"href":"http:\/\/hmgs.de\/index.php?rest_route=\/wp\/v2\/posts"}],"about":[{"href":"http:\/\/hmgs.de\/index.php?rest_route=\/wp\/v2\/types\/post"}],"author":[{"embeddable":true,"href":"http:\/\/hmgs.de\/index.php?rest_route=\/wp\/v2\/users\/8"}],"replies":[{"embeddable":true,"href":"http:\/\/hmgs.de\/index.php?rest_route=%2Fwp%2Fv2%2Fcomments&post=5174"}],"version-history":[{"count":3,"href":"http:\/\/hmgs.de\/index.php?rest_route=\/wp\/v2\/posts\/5174\/revisions"}],"predecessor-version":[{"id":5182,"href":"http:\/\/hmgs.de\/index.php?rest_route=\/wp\/v2\/posts\/5174\/revisions\/5182"}],"wp:attachment":[{"href":"http:\/\/hmgs.de\/index.php?rest_route=%2Fwp%2Fv2%2Fmedia&parent=5174"}],"wp:term":[{"taxonomy":"category","embeddable":true,"href":"http:\/\/hmgs.de\/index.php?rest_route=%2Fwp%2Fv2%2Fcategories&post=5174"},{"taxonomy":"post_tag","embeddable":true,"href":"http:\/\/hmgs.de\/index.php?rest_route=%2Fwp%2Fv2%2Ftags&post=5174"}],"curies":[{"name":"wp","href":"https:\/\/api.w.org\/{rel}","templated":true}]}}